{"id":2,"count":1,"description":"","link":"https:\/\/www.algarveadapta.pt\/en\/category\/uncategorized\/","name":"Uncategorized","slug":"uncategorized","taxonomy":"category","parent":0,"meta":[],"yoast_head":"<!-- This site is optimized with the Yoast SEO plugin v19.10 - https:\/\/yoast.com\/wordpress\/plugins\/seo\/ -->\n<title>Arquivo de Uncategorized - AwK - Adaptation with Knowledge, Climate Change<\/title>\n<meta name=\"robots\" content=\"index, follow, max-snippet:-1, max-image-preview:large, max-video-preview:-1\" \/>\n<link rel=\"canonical\" href=\"https:\/\/www.algarveadapta.pt\/category\/sem-categoria\/\" \/>\n<meta property=\"og:locale\" content=\"en_US\" \/>\n<meta property=\"og:type\" content=\"article\" \/>\n<meta property=\"og:title\" content=\"Arquivo de Uncategorized - AwK - Adaptation with Knowledge, Climate Change\" \/>\n<meta property=\"og:url\" content=\"https:\/\/www.algarveadapta.pt\/category\/sem-categoria\/\" \/>\n<meta property=\"og:site_name\" content=\"AwK - Adaptation with Knowledge, Climate Change\" \/>\n<meta name=\"twitter:card\" content=\"summary_large_image\" \/>\n<script type=\"application\/ld+json\" class=\"yoast-schema-graph\">{\"@context\":\"https:\/\/schema.org\",\"@graph\":[{\"@type\":\"CollectionPage\",\"@id\":\"https:\/\/www.algarveadapta.pt\/category\/sem-categoria\/\",\"url\":\"https:\/\/www.algarveadapta.pt\/category\/sem-categoria\/\",\"name\":\"Arquivo de Uncategorized - AwK - Adaptation with Knowledge, Climate Change\",\"isPartOf\":{\"@id\":\"https:\/\/www.algarveadapta.pt\/#website\"},\"breadcrumb\":{\"@id\":\"https:\/\/www.algarveadapta.pt\/category\/sem-categoria\/#breadcrumb\"},\"inLanguage\":\"en-US\"},{\"@type\":\"BreadcrumbList\",\"@id\":\"https:\/\/www.algarveadapta.pt\/category\/sem-categoria\/#breadcrumb\",\"itemListElement\":[{\"@type\":\"ListItem\",\"position\":1,\"name\":\"In\u00edcio\",\"item\":\"https:\/\/www.algarveadapta.pt\/en\/\"},{\"@type\":\"ListItem\",\"position\":2,\"name\":\"Sem categoria\"}]},{\"@type\":\"WebSite\",\"@id\":\"https:\/\/www.algarveadapta.pt\/#website\",\"url\":\"https:\/\/www.algarveadapta.pt\/\",\"name\":\"AwK - Adaptation with Knowledge, Climate Change\",\"description\":\"Este programa promove a Economia Circular, a descarboniza\u00e7\u00e3o da Sociedade e a valoriza\u00e7\u00e3o do territ\u00f3rio.\",\"publisher\":{\"@id\":\"https:\/\/www.algarveadapta.pt\/#organization\"},\"potentialAction\":[{\"@type\":\"SearchAction\",\"target\":{\"@type\":\"EntryPoint\",\"urlTemplate\":\"https:\/\/www.algarveadapta.pt\/?s={search_term_string}\"},\"query-input\":\"required name=search_term_string\"}],\"inLanguage\":\"en-US\"},{\"@type\":\"Organization\",\"@id\":\"https:\/\/www.algarveadapta.pt\/#organization\",\"name\":\"AwK - Adaptation with Knowledge, Climate Change\",\"url\":\"https:\/\/www.algarveadapta.pt\/\",\"logo\":{\"@type\":\"ImageObject\",\"inLanguage\":\"en-US\",\"@id\":\"https:\/\/www.algarveadapta.pt\/#\/schema\/logo\/image\/\",\"url\":\"https:\/\/www.algarveadapta.pt\/wp-content\/uploads\/2021\/09\/logo_200.png\",\"contentUrl\":\"https:\/\/www.algarveadapta.pt\/wp-content\/uploads\/2021\/09\/logo_200.png\",\"width\":200,\"height\":140,\"caption\":\"AwK - Adaptation with Knowledge, Climate Change\"},\"image\":{\"@id\":\"https:\/\/www.algarveadapta.pt\/#\/schema\/logo\/image\/\"}}]}<\/script>\n<!-- \/ Yoast SEO plugin. -->","yoast_head_json":{"title":"Arquivo de Uncategorized - AwK - Adaptation with Knowledge, Climate Change","robots":{"index":"index","follow":"follow","max-snippet":"max-snippet:-1","max-image-preview":"max-image-preview:large","max-video-preview":"max-video-preview:-1"},"canonical":"https:\/\/www.algarveadapta.pt\/category\/sem-categoria\/","og_locale":"en_US","og_type":"article","og_title":"Arquivo de Uncategorized - AwK - Adaptation with Knowledge, Climate Change","og_url":"https:\/\/www.algarveadapta.pt\/category\/sem-categoria\/","og_site_name":"AwK - Adaptation with Knowledge, Climate Change","twitter_card":"summary_large_image","schema":{"@context":"https:\/\/schema.org","@graph":[{"@type":"CollectionPage","@id":"https:\/\/www.algarveadapta.pt\/category\/sem-categoria\/","url":"https:\/\/www.algarveadapta.pt\/category\/sem-categoria\/","name":"Arquivo de Uncategorized - AwK - Adaptation with Knowledge, Climate Change","isPartOf":{"@id":"https:\/\/www.algarveadapta.pt\/#website"},"breadcrumb":{"@id":"https:\/\/www.algarveadapta.pt\/category\/sem-categoria\/#breadcrumb"},"inLanguage":"en-US"},{"@type":"BreadcrumbList","@id":"https:\/\/www.algarveadapta.pt\/category\/sem-categoria\/#breadcrumb","itemListElement":[{"@type":"ListItem","position":1,"name":"In\u00edcio","item":"https:\/\/www.algarveadapta.pt\/en\/"},{"@type":"ListItem","position":2,"name":"Sem categoria"}]},{"@type":"WebSite","@id":"https:\/\/www.algarveadapta.pt\/#website","url":"https:\/\/www.algarveadapta.pt\/","name":"AwK - Adaptation with Knowledge, Climate Change","description":"Este programa promove a Economia Circular, a descarboniza\u00e7\u00e3o da Sociedade e a valoriza\u00e7\u00e3o do territ\u00f3rio.","publisher":{"@id":"https:\/\/www.algarveadapta.pt\/#organization"},"potentialAction":[{"@type":"SearchAction","target":{"@type":"EntryPoint","urlTemplate":"https:\/\/www.algarveadapta.pt\/?s={search_term_string}"},"query-input":"required name=search_term_string"}],"inLanguage":"en-US"},{"@type":"Organization","@id":"https:\/\/www.algarveadapta.pt\/#organization","name":"AwK - Adaptation with Knowledge, Climate Change","url":"https:\/\/www.algarveadapta.pt\/","logo":{"@type":"ImageObject","inLanguage":"en-US","@id":"https:\/\/www.algarveadapta.pt\/#\/schema\/logo\/image\/","url":"https:\/\/www.algarveadapta.pt\/wp-content\/uploads\/2021\/09\/logo_200.png","contentUrl":"https:\/\/www.algarveadapta.pt\/wp-content\/uploads\/2021\/09\/logo_200.png","width":200,"height":140,"caption":"AwK - Adaptation with Knowledge, Climate Change"},"image":{"@id":"https:\/\/www.algarveadapta.pt\/#\/schema\/logo\/image\/"}}]}},"_links":{"self":[{"href":"https:\/\/www.algarveadapta.pt\/en\/wp-json\/wp\/v2\/categories\/2","targetHints":{"allow":["GET"]}}],"collection":[{"href":"https:\/\/www.algarveadapta.pt\/en\/wp-json\/wp\/v2\/categories"}],"about":[{"href":"https:\/\/www.algarveadapta.pt\/en\/wp-json\/wp\/v2\/taxonomies\/category"}],"wp:post_type":[{"href":"https:\/\/www.algarveadapta.pt\/en\/wp-json\/wp\/v2\/posts?categories=2"}],"curies":[{"name":"wp","href":"https:\/\/api.w.org\/{rel}","templated":true}]}}